{"id":76145,"date":"2018-10-11T11:15:18","date_gmt":"2018-10-11T09:15:18","guid":{"rendered":"http:\/\/ivmtech.it\/?p=76145"},"modified":"2020-10-02T15:02:08","modified_gmt":"2020-10-02T13:02:08","slug":"ivm-e-stata-invitata-al-iv-seminario-nacional-y-iii-internacional-de-tecnologia-ferroviaria-presso-unexpo-venezuela-26-ottobre","status":"publish","type":"post","link":"https:\/\/ivmtech.it\/fr\/2018\/10\/11\/ivm-e-stata-invitata-al-iv-seminario-nacional-y-iii-internacional-de-tecnologia-ferroviaria-presso-unexpo-venezuela-26-ottobre\/","title":{"rendered":"S\u00e9minaire universitaire sur la technologie ferroviaire &#8211; Venezuela"},"content":{"rendered":"<p><\/p>\n<p style=\"text-align: center;\">Avec plaisir, nous annon\u00e7ons la participation de <strong>IVM srl<\/strong> au<\/p>\n<p style=\"text-align: center;\"><strong>&#8221;IV Seminario Nacional y III Internacional de Tecnolog\u00eda Ferroviaria&#8221;<\/strong>,<\/p>\n<p style=\"text-align: center;\">qui aura lieu \u00e0 l&#8217;<strong>Universidad Nacional Experimental &#8220;Antonio Jos\u00e9 de Sucre&#8221; (<a href=\"https:\/\/www.linkedin.com\/school\/universidad-nacional-experimental-polit%C3%A9cnica-'antonio-jos%C3%A9-de-sucre'\/\">UNEXPO<\/a>)<\/strong>, dans le cadre du plan de relance \u00e9conomique du Venezuela, qui d\u00e9butera \u00e0 partir de la r\u00e9g\u00e9n\u00e9ration de la mobilit\u00e9 jusqu\u2019en 2030.\u00a0<!--more--><\/p>\n<p style=\"text-align: center;\">Merci beaucoup pour l&#8217;invitation \u00e0 <strong>Mme le Prof. Fraisa Codecito<\/strong>, directrice adjointe de l&#8217;universit\u00e9, et \u00e0 l&#8217;<strong>Ing. Jimmy Perdomo<\/strong>, qui a personnellement pris en charge la pr\u00e9sentation de POWERVE et de nos technologies au public.<\/p>\n<p style=\"text-align: center;\">Tous nos amis v\u00e9n\u00e9zu\u00e9liens sont invit\u00e9s \u00e0 participer \u00e0 l&#8217;\u00e9v\u00e9nement du <strong>26 octobre<\/strong>.<\/p>\n<p style=\"text-align: center;\">Restez \u00e0 l&#8217;\u00e9coute pour d&#8217;autres mises \u00e0 jour et des photos de l&#8217;\u00e9v\u00e9nement!<\/p>\n<p style=\"text-align: center;\">\u00c0 la suite, l&#8217;affiche de la conf\u00e9rence:<\/p>\n<p style=\"text-align: center;\"><a href=\"http:\/\/ivmtech.it\/wp-content\/uploads\/2018\/10\/SEMINARIO-FERROVIARIO-2018_vlogos-1-e1539246067521.jpg\"><img loading=\"lazy\" class=\"alignnone size-medium wp-image-76152\" src=\"http:\/\/ivmtech.it\/wp-content\/uploads\/2018\/10\/SEMINARIO-FERROVIARIO-2018_vlogos-1-193x300.jpg\" alt=\"SEMINARIO-FERROVIARIO-2018_vlogos\" width=\"193\" height=\"300\" \/><\/a><\/p>\n<p><\/p>","protected":false},"excerpt":{"rendered":"<p>D\u00e9sol\u00e9, cet article est seulement disponible en Italien. Pour le confort de l\u2019utilisateur, le contenu est affich\u00e9 ci-dessous dans une [&hellip;]<\/p>\n","protected":false},"author":2,"featured_media":76166,"comment_status":"open","ping_status":"closed","sticky":false,"template":"","format":"standard","meta":[],"categories":[2],"tags":[],"yoast_head":"<!-- This site is optimized with the Yoast SEO plugin v15.9 - https:\/\/yoast.com\/wordpress\/plugins\/seo\/ -->\n<title>S\u00e9minaire universitaire sur la technologie ferroviaire - Venezuela - IVM S.r.l<\/title>\n<meta name=\"description\" content=\"IVM \u00e8 stata invitata al seminario sulla tecnologia ferroviaria presso l&#039;Universit\u00e0 venezuelana UNEXPO, nell&#039;ambito del piano di ripresa economica del Paese.\" \/>\n<meta name=\"robots\" content=\"index, follow, max-snippet:-1, max-image-preview:large, max-video-preview:-1\" \/>\n<link rel=\"canonical\" href=\"https:\/\/ivmtech.it\/2018\/10\/11\/ivm-e-stata-invitata-al-iv-seminario-nacional-y-iii-internacional-de-tecnologia-ferroviaria-presso-unexpo-venezuela-26-ottobre\/\" \/>\n<meta property=\"og:locale\" content=\"fr_FR\" \/>\n<meta property=\"og:type\" content=\"article\" \/>\n<meta property=\"og:title\" content=\"S\u00e9minaire universitaire sur la technologie ferroviaire - Venezuela - IVM S.r.l\" \/>\n<meta property=\"og:description\" content=\"IVM \u00e8 stata invitata al seminario sulla tecnologia ferroviaria presso l&#039;Universit\u00e0 venezuelana UNEXPO, nell&#039;ambito del piano di ripresa economica del Paese.\" \/>\n<meta property=\"og:url\" content=\"https:\/\/ivmtech.it\/2018\/10\/11\/ivm-e-stata-invitata-al-iv-seminario-nacional-y-iii-internacional-de-tecnologia-ferroviaria-presso-unexpo-venezuela-26-ottobre\/\" \/>\n<meta property=\"og:site_name\" content=\"IVM S.r.l\" \/>\n<meta property=\"article:published_time\" content=\"2018-10-11T09:15:18+00:00\" \/>\n<meta property=\"article:modified_time\" content=\"2020-10-02T13:02:08+00:00\" \/>\n<meta property=\"og:image\" content=\"https:\/\/ivmtech.it\/wp-content\/uploads\/2018\/10\/titolo-SEMINARIO-FERROVIARIO-2018_vlogos.jpg\" \/>\n\t<meta property=\"og:image:width\" content=\"1353\" \/>\n\t<meta property=\"og:image:height\" content=\"686\" \/>\n<meta name=\"twitter:card\" content=\"summary_large_image\" \/>\n<meta name=\"twitter:label1\" content=\"Dur\u00e9e de lecture est.\">\n\t<meta name=\"twitter:data1\" content=\"2 minutes\">\n<script type=\"application\/ld+json\" class=\"yoast-schema-graph\">{\"@context\":\"https:\/\/schema.org\",\"@graph\":[{\"@type\":\"WebSite\",\"@id\":\"https:\/\/ivmtech.it\/#website\",\"url\":\"https:\/\/ivmtech.it\/\",\"name\":\"IVM S.r.l\",\"description\":\"Innovative Vibration Monitoring\",\"potentialAction\":[{\"@type\":\"SearchAction\",\"target\":\"https:\/\/ivmtech.it\/?s={search_term_string}\",\"query-input\":\"required name=search_term_string\"}],\"inLanguage\":\"fr-FR\"},{\"@type\":\"ImageObject\",\"@id\":\"https:\/\/ivmtech.it\/2018\/10\/11\/ivm-e-stata-invitata-al-iv-seminario-nacional-y-iii-internacional-de-tecnologia-ferroviaria-presso-unexpo-venezuela-26-ottobre\/#primaryimage\",\"inLanguage\":\"fr-FR\",\"url\":\"https:\/\/ivmtech.it\/wp-content\/uploads\/2018\/10\/titolo-SEMINARIO-FERROVIARIO-2018_vlogos.jpg\",\"width\":1353,\"height\":686},{\"@type\":\"WebPage\",\"@id\":\"https:\/\/ivmtech.it\/2018\/10\/11\/ivm-e-stata-invitata-al-iv-seminario-nacional-y-iii-internacional-de-tecnologia-ferroviaria-presso-unexpo-venezuela-26-ottobre\/#webpage\",\"url\":\"https:\/\/ivmtech.it\/2018\/10\/11\/ivm-e-stata-invitata-al-iv-seminario-nacional-y-iii-internacional-de-tecnologia-ferroviaria-presso-unexpo-venezuela-26-ottobre\/\",\"name\":\"S\\u00e9minaire universitaire sur la technologie ferroviaire - Venezuela - IVM S.r.l\",\"isPartOf\":{\"@id\":\"https:\/\/ivmtech.it\/#website\"},\"primaryImageOfPage\":{\"@id\":\"https:\/\/ivmtech.it\/2018\/10\/11\/ivm-e-stata-invitata-al-iv-seminario-nacional-y-iii-internacional-de-tecnologia-ferroviaria-presso-unexpo-venezuela-26-ottobre\/#primaryimage\"},\"datePublished\":\"2018-10-11T09:15:18+00:00\",\"dateModified\":\"2020-10-02T13:02:08+00:00\",\"author\":{\"@id\":\"https:\/\/ivmtech.it\/#\/schema\/person\/d3b7ce442a98b85fe22403db76ea28e6\"},\"description\":\"IVM \\u00e8 stata invitata al seminario sulla tecnologia ferroviaria presso l'Universit\\u00e0 venezuelana UNEXPO, nell'ambito del piano di ripresa economica del Paese.\",\"breadcrumb\":{\"@id\":\"https:\/\/ivmtech.it\/2018\/10\/11\/ivm-e-stata-invitata-al-iv-seminario-nacional-y-iii-internacional-de-tecnologia-ferroviaria-presso-unexpo-venezuela-26-ottobre\/#breadcrumb\"},\"inLanguage\":\"fr-FR\",\"potentialAction\":[{\"@type\":\"ReadAction\",\"target\":[\"https:\/\/ivmtech.it\/2018\/10\/11\/ivm-e-stata-invitata-al-iv-seminario-nacional-y-iii-internacional-de-tecnologia-ferroviaria-presso-unexpo-venezuela-26-ottobre\/\"]}]},{\"@type\":\"BreadcrumbList\",\"@id\":\"https:\/\/ivmtech.it\/2018\/10\/11\/ivm-e-stata-invitata-al-iv-seminario-nacional-y-iii-internacional-de-tecnologia-ferroviaria-presso-unexpo-venezuela-26-ottobre\/#breadcrumb\",\"itemListElement\":[{\"@type\":\"ListItem\",\"position\":1,\"item\":{\"@type\":\"WebPage\",\"@id\":\"https:\/\/ivmtech.it\/\",\"url\":\"https:\/\/ivmtech.it\/\",\"name\":\"Home\"}},{\"@type\":\"ListItem\",\"position\":2,\"item\":{\"@type\":\"WebPage\",\"@id\":\"https:\/\/ivmtech.it\/2018\/10\/11\/ivm-e-stata-invitata-al-iv-seminario-nacional-y-iii-internacional-de-tecnologia-ferroviaria-presso-unexpo-venezuela-26-ottobre\/\",\"url\":\"https:\/\/ivmtech.it\/2018\/10\/11\/ivm-e-stata-invitata-al-iv-seminario-nacional-y-iii-internacional-de-tecnologia-ferroviaria-presso-unexpo-venezuela-26-ottobre\/\",\"name\":\"Seminario universitario sulla tecnologia ferroviaria \\u2013 Venezuela\"}}]},{\"@type\":\"Person\",\"@id\":\"https:\/\/ivmtech.it\/#\/schema\/person\/d3b7ce442a98b85fe22403db76ea28e6\",\"name\":\"marketing\",\"image\":{\"@type\":\"ImageObject\",\"@id\":\"https:\/\/ivmtech.it\/#personlogo\",\"inLanguage\":\"fr-FR\",\"url\":\"https:\/\/secure.gravatar.com\/avatar\/b51d6eb627278cc6ab06b426e552c57b?s=96&d=mm&r=g\",\"caption\":\"marketing\"}}]}<\/script>\n<!-- \/ Yoast SEO plugin. -->","_links":{"self":[{"href":"https:\/\/ivmtech.it\/fr\/wp-json\/wp\/v2\/posts\/76145"}],"collection":[{"href":"https:\/\/ivmtech.it\/fr\/wp-json\/wp\/v2\/posts"}],"about":[{"href":"https:\/\/ivmtech.it\/fr\/wp-json\/wp\/v2\/types\/post"}],"author":[{"embeddable":true,"href":"https:\/\/ivmtech.it\/fr\/wp-json\/wp\/v2\/users\/2"}],"replies":[{"embeddable":true,"href":"https:\/\/ivmtech.it\/fr\/wp-json\/wp\/v2\/comments?post=76145"}],"version-history":[{"count":22,"href":"https:\/\/ivmtech.it\/fr\/wp-json\/wp\/v2\/posts\/76145\/revisions"}],"predecessor-version":[{"id":77548,"href":"https:\/\/ivmtech.it\/fr\/wp-json\/wp\/v2\/posts\/76145\/revisions\/77548"}],"wp:featuredmedia":[{"embeddable":true,"href":"https:\/\/ivmtech.it\/fr\/wp-json\/wp\/v2\/media\/76166"}],"wp:attachment":[{"href":"https:\/\/ivmtech.it\/fr\/wp-json\/wp\/v2\/media?parent=76145"}],"wp:term":[{"taxonomy":"category","embeddable":true,"href":"https:\/\/ivmtech.it\/fr\/wp-json\/wp\/v2\/categories?post=76145"},{"taxonomy":"post_tag","embeddable":true,"href":"https:\/\/ivmtech.it\/fr\/wp-json\/wp\/v2\/tags?post=76145"}],"curies":[{"name":"wp","href":"https:\/\/api.w.org\/{rel}","templated":true}]}}