{"id":76513,"date":"2019-04-10T12:57:14","date_gmt":"2019-04-10T10:57:14","guid":{"rendered":"http:\/\/ivmtech.it\/?p=76513"},"modified":"2020-10-01T12:36:51","modified_gmt":"2020-10-01T10:36:51","slug":"siamo-ad-eurasia-rail-10-12-aprile-2019-smirne-turchia","status":"publish","type":"post","link":"https:\/\/ivmtech.it\/fr\/2019\/04\/10\/siamo-ad-eurasia-rail-10-12-aprile-2019-smirne-turchia\/","title":{"rendered":"Nous sommes \u00e0 Eurasia Rail! 10-12 avril 2019, Izmir (Turquie)"},"content":{"rendered":"<p><\/p>\n<h1 style=\"text-align: center;\">Nous sommes pr\u00eats!<\/h1>\n<p style=\"text-align: center;\">Nous voici \u00e0 <strong>Izmir<\/strong>, pour la <strong>huiti\u00e8me \u00e9dition <\/strong>d\u2019<strong>Eurasia Rail 2019<\/strong>,<\/p>\n<p style=\"text-align: center;\">le salon international qui d\u00e9place non seulement le march\u00e9 ferroviaire dans la r\u00e9gion de l&#8217;Eurasie,<\/p>\n<p style=\"text-align: center;\">mais cela permet de consolider les relations existantes et d\u2019en cr\u00e9er de nouvelles.<\/p>\n<p style=\"text-align: center;\">Gr\u00e2ce \u00e0 notre distributeur local, <strong>Epsilon Ndt<\/strong>, vous nous trouverez ici,<\/p>\n<p style=\"text-align: center;\">au <strong>stand B732<\/strong>, en leur compagnie.<\/p>\n<p style=\"text-align: center;\"><!--more--><\/p>\n<p style=\"text-align: center;\">Vous trouverez ci-dessous les <strong>premi\u00e8res photos<\/strong> de cette deuxi\u00e8me exp\u00e9rience de <strong>IVM<\/strong> chez Eurasia Rail.<\/p>\n<p style=\"text-align: center;\"><strong>Suivez-nous!<\/strong><\/p>\n<p>[vc_gallery type=&#8221;nivo&#8221; interval=&#8221;5&#8243; images=&#8221;76533,76529,76534,76531,76532&#8243; img_size=&#8221;full&#8221; onclick=\u201c&#8221;]<\/p>\n<p style=\"text-align: center;\">\n<p><\/p>","protected":false},"excerpt":{"rendered":"<p>D\u00e9sol\u00e9, cet article est seulement disponible en Italien. Pour le confort de l\u2019utilisateur, le contenu est affich\u00e9 ci-dessous dans une [&hellip;]<\/p>\n","protected":false},"author":2,"featured_media":76529,"comment_status":"open","ping_status":"closed","sticky":false,"template":"","format":"image","meta":[],"categories":[19],"tags":[],"yoast_head":"<!-- This site is optimized with the Yoast SEO plugin v15.9 - https:\/\/yoast.com\/wordpress\/plugins\/seo\/ -->\n<title>Nous sommes \u00e0 Eurasia Rail! 10-12 avril 2019, Izmir (Turquie) - IVM S.r.l<\/title>\n<meta name=\"description\" content=\"(Italiano) IVM si trova ad Eurasia Rail 2019, Izmir. La nostra pesa portatile per rotabili \u00e8 allo Stand B732 per l&#039;8\u00b0edizione della principale fiera turca dell&#039;industria ferroviaria\" \/>\n<meta name=\"robots\" content=\"index, follow, max-snippet:-1, max-image-preview:large, max-video-preview:-1\" \/>\n<link rel=\"canonical\" href=\"https:\/\/ivmtech.it\/2019\/04\/10\/siamo-ad-eurasia-rail-10-12-aprile-2019-smirne-turchia\/\" \/>\n<meta property=\"og:locale\" content=\"fr_FR\" \/>\n<meta property=\"og:type\" content=\"article\" \/>\n<meta property=\"og:title\" content=\"Nous sommes \u00e0 Eurasia Rail! 10-12 avril 2019, Izmir (Turquie) - IVM S.r.l\" \/>\n<meta property=\"og:description\" content=\"(Italiano) IVM si trova ad Eurasia Rail 2019, Izmir. La nostra pesa portatile per rotabili \u00e8 allo Stand B732 per l&#039;8\u00b0edizione della principale fiera turca dell&#039;industria ferroviaria\" \/>\n<meta property=\"og:url\" content=\"https:\/\/ivmtech.it\/2019\/04\/10\/siamo-ad-eurasia-rail-10-12-aprile-2019-smirne-turchia\/\" \/>\n<meta property=\"og:site_name\" content=\"IVM S.r.l\" \/>\n<meta property=\"article:published_time\" content=\"2019-04-10T10:57:14+00:00\" \/>\n<meta property=\"article:modified_time\" content=\"2020-10-01T10:36:51+00:00\" \/>\n<meta property=\"og:image\" content=\"https:\/\/ivmtech.it\/wp-content\/uploads\/2019\/04\/OK.jpg\" \/>\n\t<meta property=\"og:image:width\" content=\"1511\" \/>\n\t<meta property=\"og:image:height\" content=\"1889\" \/>\n<meta name=\"twitter:card\" content=\"summary_large_image\" \/>\n<meta name=\"twitter:label1\" content=\"Dur\u00e9e de lecture est.\">\n\t<meta name=\"twitter:data1\" content=\"2 minutes\">\n<script type=\"application\/ld+json\" class=\"yoast-schema-graph\">{\"@context\":\"https:\/\/schema.org\",\"@graph\":[{\"@type\":\"WebSite\",\"@id\":\"https:\/\/ivmtech.it\/#website\",\"url\":\"https:\/\/ivmtech.it\/\",\"name\":\"IVM S.r.l\",\"description\":\"Innovative Vibration Monitoring\",\"potentialAction\":[{\"@type\":\"SearchAction\",\"target\":\"https:\/\/ivmtech.it\/?s={search_term_string}\",\"query-input\":\"required name=search_term_string\"}],\"inLanguage\":\"fr-FR\"},{\"@type\":\"ImageObject\",\"@id\":\"https:\/\/ivmtech.it\/2019\/04\/10\/siamo-ad-eurasia-rail-10-12-aprile-2019-smirne-turchia\/#primaryimage\",\"inLanguage\":\"fr-FR\",\"url\":\"https:\/\/ivmtech.it\/wp-content\/uploads\/2019\/04\/OK.jpg\",\"width\":1511,\"height\":1889,\"caption\":\"Pesa per rotabili in primo piano, EURASIA 2019\"},{\"@type\":\"WebPage\",\"@id\":\"https:\/\/ivmtech.it\/2019\/04\/10\/siamo-ad-eurasia-rail-10-12-aprile-2019-smirne-turchia\/#webpage\",\"url\":\"https:\/\/ivmtech.it\/2019\/04\/10\/siamo-ad-eurasia-rail-10-12-aprile-2019-smirne-turchia\/\",\"name\":\"Nous sommes \\u00e0 Eurasia Rail! 10-12 avril 2019, Izmir (Turquie) - IVM S.r.l\",\"isPartOf\":{\"@id\":\"https:\/\/ivmtech.it\/#website\"},\"primaryImageOfPage\":{\"@id\":\"https:\/\/ivmtech.it\/2019\/04\/10\/siamo-ad-eurasia-rail-10-12-aprile-2019-smirne-turchia\/#primaryimage\"},\"datePublished\":\"2019-04-10T10:57:14+00:00\",\"dateModified\":\"2020-10-01T10:36:51+00:00\",\"author\":{\"@id\":\"https:\/\/ivmtech.it\/#\/schema\/person\/d3b7ce442a98b85fe22403db76ea28e6\"},\"description\":\"(Italiano) IVM si trova ad Eurasia Rail 2019, Izmir. La nostra pesa portatile per rotabili \\u00e8 allo Stand B732 per l'8\\u00b0edizione della principale fiera turca dell'industria ferroviaria\",\"breadcrumb\":{\"@id\":\"https:\/\/ivmtech.it\/2019\/04\/10\/siamo-ad-eurasia-rail-10-12-aprile-2019-smirne-turchia\/#breadcrumb\"},\"inLanguage\":\"fr-FR\",\"potentialAction\":[{\"@type\":\"ReadAction\",\"target\":[\"https:\/\/ivmtech.it\/2019\/04\/10\/siamo-ad-eurasia-rail-10-12-aprile-2019-smirne-turchia\/\"]}]},{\"@type\":\"BreadcrumbList\",\"@id\":\"https:\/\/ivmtech.it\/2019\/04\/10\/siamo-ad-eurasia-rail-10-12-aprile-2019-smirne-turchia\/#breadcrumb\",\"itemListElement\":[{\"@type\":\"ListItem\",\"position\":1,\"item\":{\"@type\":\"WebPage\",\"@id\":\"https:\/\/ivmtech.it\/\",\"url\":\"https:\/\/ivmtech.it\/\",\"name\":\"Home\"}},{\"@type\":\"ListItem\",\"position\":2,\"item\":{\"@type\":\"WebPage\",\"@id\":\"https:\/\/ivmtech.it\/2019\/04\/10\/siamo-ad-eurasia-rail-10-12-aprile-2019-smirne-turchia\/\",\"url\":\"https:\/\/ivmtech.it\/2019\/04\/10\/siamo-ad-eurasia-rail-10-12-aprile-2019-smirne-turchia\/\",\"name\":\"Estamos en Eurasia Rail! 10-12 de abril de 2019, Izmir (Turqu\\u00eda)\"}}]},{\"@type\":\"Person\",\"@id\":\"https:\/\/ivmtech.it\/#\/schema\/person\/d3b7ce442a98b85fe22403db76ea28e6\",\"name\":\"marketing\",\"image\":{\"@type\":\"ImageObject\",\"@id\":\"https:\/\/ivmtech.it\/#personlogo\",\"inLanguage\":\"fr-FR\",\"url\":\"https:\/\/secure.gravatar.com\/avatar\/b51d6eb627278cc6ab06b426e552c57b?s=96&d=mm&r=g\",\"caption\":\"marketing\"}}]}<\/script>\n<!-- \/ Yoast SEO plugin. -->","_links":{"self":[{"href":"https:\/\/ivmtech.it\/fr\/wp-json\/wp\/v2\/posts\/76513"}],"collection":[{"href":"https:\/\/ivmtech.it\/fr\/wp-json\/wp\/v2\/posts"}],"about":[{"href":"https:\/\/ivmtech.it\/fr\/wp-json\/wp\/v2\/types\/post"}],"author":[{"embeddable":true,"href":"https:\/\/ivmtech.it\/fr\/wp-json\/wp\/v2\/users\/2"}],"replies":[{"embeddable":true,"href":"https:\/\/ivmtech.it\/fr\/wp-json\/wp\/v2\/comments?post=76513"}],"version-history":[{"count":17,"href":"https:\/\/ivmtech.it\/fr\/wp-json\/wp\/v2\/posts\/76513\/revisions"}],"predecessor-version":[{"id":77517,"href":"https:\/\/ivmtech.it\/fr\/wp-json\/wp\/v2\/posts\/76513\/revisions\/77517"}],"wp:featuredmedia":[{"embeddable":true,"href":"https:\/\/ivmtech.it\/fr\/wp-json\/wp\/v2\/media\/76529"}],"wp:attachment":[{"href":"https:\/\/ivmtech.it\/fr\/wp-json\/wp\/v2\/media?parent=76513"}],"wp:term":[{"taxonomy":"category","embeddable":true,"href":"https:\/\/ivmtech.it\/fr\/wp-json\/wp\/v2\/categories?post=76513"},{"taxonomy":"post_tag","embeddable":true,"href":"https:\/\/ivmtech.it\/fr\/wp-json\/wp\/v2\/tags?post=76513"}],"curies":[{"name":"wp","href":"https:\/\/api.w.org\/{rel}","templated":true}]}}